{"id":1764,"date":"2016-12-12T12:46:52","date_gmt":"2016-12-12T12:46:52","guid":{"rendered":"http:\/\/www.kumikameli.com\/www\/?p=1764"},"modified":"2016-12-12T12:55:05","modified_gmt":"2016-12-12T12:55:05","slug":"kateen-vuosi-2016","status":"publish","type":"post","link":"http:\/\/www.kumikameli.com\/www\/?p=1764","title":{"rendered":"K\u00c4TEEN, VUOSI 2016!"},"content":{"rendered":"<p><a href=\"http:\/\/www.kumikameli.com\/www\/wp-content\/uploads\/2016\/11\/KUMIKAMELI_1986-2016_DBTKJ.jpg\"  rel=\"lightbox[1764] attachment wp-att-1757\"><img loading=\"lazy\" decoding=\"async\" class=\"alignnone size-medium wp-image-1757\" src=\"http:\/\/www.kumikameli.com\/www\/wp-content\/uploads\/2016\/11\/KUMIKAMELI_1986-2016_DBTKJ-300x197.jpg\" alt=\"KUMIKAMELI_1986-2016_DBTKJ!\" width=\"300\" height=\"197\" srcset=\"http:\/\/www.kumikameli.com\/www\/wp-content\/uploads\/2016\/11\/KUMIKAMELI_1986-2016_DBTKJ-300x197.jpg 300w, http:\/\/www.kumikameli.com\/www\/wp-content\/uploads\/2016\/11\/KUMIKAMELI_1986-2016_DBTKJ-768x506.jpg 768w, http:\/\/www.kumikameli.com\/www\/wp-content\/uploads\/2016\/11\/KUMIKAMELI_1986-2016_DBTKJ.jpg 1024w, http:\/\/www.kumikameli.com\/www\/wp-content\/uploads\/2016\/11\/KUMIKAMELI_1986-2016_DBTKJ-940x619.jpg 940w, http:\/\/www.kumikameli.com\/www\/wp-content\/uploads\/2016\/11\/KUMIKAMELI_1986-2016_DBTKJ-120x80.jpg 120w\" sizes=\"auto, (max-width: 300px) 100vw, 300px\" \/><\/a><\/p>\n<p><strong>TAMMIKUU-HELMIKUU<\/strong><br \/>\nVitumoisen kylm\u00e4\u00e4 ja pimeet\u00e4 oli, etenkin kellarissa ja vintill\u00e4, mutta KK-leiriss\u00e4 pidettiin kipin\u00e4\u00e4 yll\u00e4 muutamien keikkojen muodossa joita k\u00e4ytiin r\u00e4mistelem\u00e4ss\u00e4 All Over Mammanpoikien kanssa ainakin seuraavasti:<\/p>\n<p>19.2.2016 Baarikaappi, Pori<br \/>\n20.2.2016 Bar 15, Sein\u00e4joki<\/p>\n<p>Meininkih\u00e4n oli mit\u00e4 mainioin ja populatakin vaivautui paikalle just sen verran ettei tarvinnu itekseen sekoilla tahi sheikkailla.<\/p>\n<p><a href=\"http:\/\/www.kumikameli.com\/www\/wp-content\/uploads\/2016\/10\/Kumikameli-cartoon-by-Venla-TKU-2016.jpg\"  rel=\"lightbox[1764] attachment wp-att-1751\"><img loading=\"lazy\" decoding=\"async\" class=\"alignnone size-medium wp-image-1751\" src=\"http:\/\/www.kumikameli.com\/www\/wp-content\/uploads\/2016\/10\/Kumikameli-cartoon-by-Venla-TKU-2016-300x205.jpg\" alt=\"Kumikameli-cartoon-by-Venla-TKU-2016\" width=\"300\" height=\"205\" srcset=\"http:\/\/www.kumikameli.com\/www\/wp-content\/uploads\/2016\/10\/Kumikameli-cartoon-by-Venla-TKU-2016-300x205.jpg 300w, http:\/\/www.kumikameli.com\/www\/wp-content\/uploads\/2016\/10\/Kumikameli-cartoon-by-Venla-TKU-2016-768x525.jpg 768w, http:\/\/www.kumikameli.com\/www\/wp-content\/uploads\/2016\/10\/Kumikameli-cartoon-by-Venla-TKU-2016.jpg 1024w, http:\/\/www.kumikameli.com\/www\/wp-content\/uploads\/2016\/10\/Kumikameli-cartoon-by-Venla-TKU-2016-940x643.jpg 940w\" sizes=\"auto, (max-width: 300px) 100vw, 300px\" \/><\/a><\/p>\n<p><strong>MAALISKUU-HUHTIKUU<\/strong><br \/>\nUmpitunnelin p\u00e4\u00e4ss\u00e4 h\u00e4\u00e4m\u00f6tti jo v\u00e4h\u00e4sen vaaleempaa umpea ja viime syksyist\u00e4 VIALLISET -viinarallia jatkettiin muutamalla lis\u00e4etapilla.<\/p>\n<p>4.3.2016 Varjobaari, Tre<br \/>\n5.3.2016 Lepakkomies, Hki<\/p>\n<p>Huhtikuussa saatiin hyppysiimme my\u00f6s toukokuussa julkaistavan Verta ja suolia -\u00e4\u00e4nitteen lopulliset miksaukset ja kovasti oltiin tyytyv\u00e4isi\u00e4 vaikka v\u00e4h\u00e4n liian musikaalinen siit\u00e4 taisi tulla. Melodiat ja arrit ja stemmat ja muut, huh-huh.<\/p>\n<p><a href=\"http:\/\/www.kumikameli.com\/www\/wp-content\/uploads\/2016\/04\/Verta_ja_suolia_2016.jpg\"  rel=\"lightbox[1764] attachment wp-att-1647\"><img loading=\"lazy\" decoding=\"async\" class=\"alignnone size-medium wp-image-1647\" src=\"http:\/\/www.kumikameli.com\/www\/wp-content\/uploads\/2016\/04\/Verta_ja_suolia_2016-300x279.jpg\" alt=\"Verta_ja_suolia_2016\" width=\"300\" height=\"279\" srcset=\"http:\/\/www.kumikameli.com\/www\/wp-content\/uploads\/2016\/04\/Verta_ja_suolia_2016-300x279.jpg 300w, http:\/\/www.kumikameli.com\/www\/wp-content\/uploads\/2016\/04\/Verta_ja_suolia_2016-768x714.jpg 768w, http:\/\/www.kumikameli.com\/www\/wp-content\/uploads\/2016\/04\/Verta_ja_suolia_2016.jpg 1024w, http:\/\/www.kumikameli.com\/www\/wp-content\/uploads\/2016\/04\/Verta_ja_suolia_2016-940x874.jpg 940w\" sizes=\"auto, (max-width: 300px) 100vw, 300px\" \/><\/a><\/p>\n<p><strong>TOUKOKUU<\/strong><br \/>\nVerta ja suolia -\u00e4\u00e4nite julkaistiin virallisesti 6.5.2016 ja se sai hyvin vaihtelevan vastaanoton esim. Soundi antoi 4\/5 kevyill\u00e4 suitsukkeilla, mutta Rumppa 2\/5 mojovilla munille potkuilla s\u00e4estettyn\u00e4.<\/p>\n<p>Levylt\u00e4 julkaistiin my\u00f6s 3 kpl upouusia orkesterin itse turaamia videoita:<\/p>\n<p><iframe loading=\"lazy\" src=\"https:\/\/www.youtube.com\/embed\/6FLEWrlk__A\" width=\"560\" height=\"315\" frameborder=\"0\" allowfullscreen=\"allowfullscreen\"><\/iframe><\/p>\n<p><iframe loading=\"lazy\" src=\"https:\/\/www.youtube.com\/embed\/KVtzRDJteyM\" width=\"560\" height=\"315\" frameborder=\"0\" allowfullscreen=\"allowfullscreen\"><\/iframe><\/p>\n<p><iframe loading=\"lazy\" src=\"https:\/\/www.youtube.com\/embed\/vJ0Ehhfej_o\" width=\"560\" height=\"315\" frameborder=\"0\" allowfullscreen=\"allowfullscreen\"><\/iframe><\/p>\n<p>Toukokuussa seikkailtiin ahkerasti my\u00f6s keikkamaisemissa, sek\u00e4 All Over Mamsellien ett\u00e4 Villu Tammen J.M.K.E:n kanssa. Meno oli hyv\u00e4\u00e4 ja \u00e4rh\u00e4kk\u00e4\u00e4 ja orkesterien kemiat sopi erinomaisesti yhteen. Juoppoja kaikki.<\/p>\n<p>12.5. Virgin Oil, Helsinki (w\/ J.M.K.E)<br \/>\n13.5. Rockstars, Talinna (w\/ J.M.K.E)<br \/>\n14.5. Rock`n Roll Heaven, Tarto (w\/ J.M.K.E)<br \/>\n27.5 Varjobaari, Tampere (w\/ J.M.K.E)<br \/>\n28.5 GONG, Turku (w\/ AOM, J.M.K.E)<\/p>\n<p><a href=\"http:\/\/www.kumikameli.com\/www\/wp-content\/uploads\/2016\/09\/DSC1447WEB.jpg\"  rel=\"lightbox[1764] attachment wp-att-1733\"><img loading=\"lazy\" decoding=\"async\" class=\"alignnone size-medium wp-image-1733\" src=\"http:\/\/www.kumikameli.com\/www\/wp-content\/uploads\/2016\/09\/DSC1447WEB-200x300.jpg\" alt=\"_DSC1447WEB\" width=\"200\" height=\"300\" srcset=\"http:\/\/www.kumikameli.com\/www\/wp-content\/uploads\/2016\/09\/DSC1447WEB-200x300.jpg 200w, http:\/\/www.kumikameli.com\/www\/wp-content\/uploads\/2016\/09\/DSC1447WEB.jpg 684w\" sizes=\"auto, (max-width: 200px) 100vw, 200px\" \/><\/a><\/p>\n<p><strong>KES\u00c4KUU<\/strong><br \/>\nKes\u00e4kuussa taijettiin vejell\u00e4 muutamat keikat ja ehk\u00e4 v\u00e4h\u00e4n k\u00e4teenkin. Settilistaa rukattiin muuten koko ajan ja kierrossa enn\u00e4tykselliset n. 30 biisi\u00e4 joista valkata. Uuttakin matskua ajeltiin varovaisesti sis\u00e4\u00e4n. Mukavata!<\/p>\n<p>17.6. Henrys Pub, Kuopio (w\/ AOM, J.M.K.E)<br \/>\n18.6. Suistoklubi, H\u00e4meenlinna (w\/ AOM, J.M.K.E)<\/p>\n<p><a href=\"http:\/\/www.kumikameli.com\/www\/wp-content\/uploads\/2016\/08\/Kamelit2.jpg\"  rel=\"lightbox[1764] attachment wp-att-1693\"><img loading=\"lazy\" decoding=\"async\" class=\"alignnone size-medium wp-image-1693\" src=\"http:\/\/www.kumikameli.com\/www\/wp-content\/uploads\/2016\/08\/Kamelit2-300x209.jpg\" alt=\"Kamelit2\" width=\"300\" height=\"209\" srcset=\"http:\/\/www.kumikameli.com\/www\/wp-content\/uploads\/2016\/08\/Kamelit2-300x209.jpg 300w, http:\/\/www.kumikameli.com\/www\/wp-content\/uploads\/2016\/08\/Kamelit2-768x535.jpg 768w, http:\/\/www.kumikameli.com\/www\/wp-content\/uploads\/2016\/08\/Kamelit2.jpg 1024w, http:\/\/www.kumikameli.com\/www\/wp-content\/uploads\/2016\/08\/Kamelit2-940x655.jpg 940w\" sizes=\"auto, (max-width: 300px) 100vw, 300px\" \/><\/a><\/p>\n<p><strong>HEIN\u00c4KUU<\/strong><br \/>\nHein\u00e4kuussa oli parikin superjutskaa, eli Tommi sai ujutettua meij\u00e4t Ilosaarirockin T\u00f6min\u00e4\u00e4n ja my\u00f6 saatiin juoniteltua Olli-Matti toiseen kitaraan &#8211; oli ihan perrrrkeleen hienoa! Ilosaaren keikka meni, ns. putkeen ja siit\u00e4 l\u00f6ytyy ainakin yksi oivallinen<strong> <a href=\"https:\/\/www.periscope.tv\/mustaviini\/1ynKOzQWWBqxR\" target=\"_blank\">Periscope stream t\u00e4\u00e4lt\u00e4<\/a><\/strong>.<br \/>\n<a href=\"https:\/\/www.youtube.com\/watch?v=JXvqnWk6Qig\" target=\"_blank\"><br \/>\n<strong>Ilosaaren netti-TV:n haastistapaastista l\u00f6ytyy vuorostaan t\u00e4\u00e4lt\u00e4.<\/strong><\/a><\/p>\n<p>Kuun lopulla k\u00f6r\u00f6timme her\u00e4tt\u00e4m\u00e4\u00e4n h\u00e4mmenyst\u00e4 my\u00f6s Rovaniemen DBTKJ -kinkereille jossa hurja meno jatkui. Olli-Matti ei valitettavasti p\u00e4\u00e4ssyt paikalle, mutta kyll\u00e4h\u00e4n nuo Aslakit saatiin kumoon ihan perusnelikolla \ud83d\ude42<\/p>\n<p><a href=\"http:\/\/www.kumikameli.com\/www\/wp-content\/uploads\/2016\/07\/DBTKJ.jpg\"  rel=\"lightbox[1764] attachment wp-att-1680\"><img loading=\"lazy\" decoding=\"async\" class=\"alignnone size-medium wp-image-1680\" src=\"http:\/\/www.kumikameli.com\/www\/wp-content\/uploads\/2016\/07\/DBTKJ-283x300.jpg\" alt=\"DBTKJ\" width=\"283\" height=\"300\" srcset=\"http:\/\/www.kumikameli.com\/www\/wp-content\/uploads\/2016\/07\/DBTKJ-283x300.jpg 283w, http:\/\/www.kumikameli.com\/www\/wp-content\/uploads\/2016\/07\/DBTKJ-768x814.jpg 768w, http:\/\/www.kumikameli.com\/www\/wp-content\/uploads\/2016\/07\/DBTKJ.jpg 783w\" sizes=\"auto, (max-width: 283px) 100vw, 283px\" \/><\/a><\/p>\n<p><strong><a href=\"https:\/\/www.periscope.tv\/w\/1RDGlkRPdoNKL\" target=\"_blank\">Periscope streamia Down by the Kemijoki -keikalta. T\u00e4\u00e4ll\u00e4.<\/a><\/strong><\/p>\n<p>15.7. Ilosaari rock, T\u00f6min\u00e4<br \/>\n30.7. DBTKJ, ROI<\/p>\n<p><a href=\"http:\/\/www.kumikameli.com\/www\/wp-content\/uploads\/2016\/09\/DSC1351WEB.jpg\"  rel=\"lightbox[1764] attachment wp-att-1727\"><img loading=\"lazy\" decoding=\"async\" class=\"alignnone size-medium wp-image-1727\" src=\"http:\/\/www.kumikameli.com\/www\/wp-content\/uploads\/2016\/09\/DSC1351WEB-300x200.jpg\" alt=\"_DSC1351WEB\" width=\"300\" height=\"200\" srcset=\"http:\/\/www.kumikameli.com\/www\/wp-content\/uploads\/2016\/09\/DSC1351WEB-300x200.jpg 300w, http:\/\/www.kumikameli.com\/www\/wp-content\/uploads\/2016\/09\/DSC1351WEB-768x513.jpg 768w, http:\/\/www.kumikameli.com\/www\/wp-content\/uploads\/2016\/09\/DSC1351WEB.jpg 1024w, http:\/\/www.kumikameli.com\/www\/wp-content\/uploads\/2016\/09\/DSC1351WEB-940x628.jpg 940w, http:\/\/www.kumikameli.com\/www\/wp-content\/uploads\/2016\/09\/DSC1351WEB-440x294.jpg 440w, http:\/\/www.kumikameli.com\/www\/wp-content\/uploads\/2016\/09\/DSC1351WEB-120x80.jpg 120w\" sizes=\"auto, (max-width: 300px) 100vw, 300px\" \/><\/a><\/p>\n<p><strong>ELOKUU &#8211; SYYSKUU<br \/>\n<\/strong>Elokuu oli sitten melkomoisen action -vapaa kuukausi. Taidettiin treenailla muutamia kertoja mutta keikkoja ei pukkaillu.<\/p>\n<p>Syyskuussa tilanne muuttui sitten j\u00e4lleen hiukkasen valoisammaksi eli juhlittiin orkesterin tulevaa 30 -vuotisp\u00e4iv\u00e4\u00e4 hiukkasen etuk\u00e4teen mekastamalla Olli-Matti toisessa kitarassa Joensuun Kerubissa. Paikalla oli my\u00f6s Malisen Mikko joka kuvasi &amp; tallensi keikan my\u00f6hemp\u00e4\u00e4 k\u00e4ytt\u00f6\u00e4 varten. My\u00f6hempi k\u00e4ytt\u00f6 olisi 13.11.2016 jolloin em. paketti julkaistaan Kamelien yotubekanavalla. Ja julkaistiinkin.<\/p>\n<p>16.9. Kerubi, Joensuu<br \/>\n30.9. Bar Rock Beariin, Vantaa<\/p>\n<p><a href=\"http:\/\/www.kumikameli.com\/www\/wp-content\/uploads\/2016\/09\/KerubiArvio17092016.jpg\"  rel=\"lightbox[1764] attachment wp-att-1739\"><img loading=\"lazy\" decoding=\"async\" class=\"alignnone size-medium wp-image-1739\" src=\"http:\/\/www.kumikameli.com\/www\/wp-content\/uploads\/2016\/09\/KerubiArvio17092016-300x225.jpg\" alt=\"KerubiArvio17092016\" width=\"300\" height=\"225\" srcset=\"http:\/\/www.kumikameli.com\/www\/wp-content\/uploads\/2016\/09\/KerubiArvio17092016-300x225.jpg 300w, http:\/\/www.kumikameli.com\/www\/wp-content\/uploads\/2016\/09\/KerubiArvio17092016-768x576.jpg 768w, http:\/\/www.kumikameli.com\/www\/wp-content\/uploads\/2016\/09\/KerubiArvio17092016.jpg 1024w, http:\/\/www.kumikameli.com\/www\/wp-content\/uploads\/2016\/09\/KerubiArvio17092016-940x705.jpg 940w, http:\/\/www.kumikameli.com\/www\/wp-content\/uploads\/2016\/09\/KerubiArvio17092016-160x120.jpg 160w\" sizes=\"auto, (max-width: 300px) 100vw, 300px\" \/><\/a><\/p>\n<p><strong>LOKAKUU<br \/>\n<\/strong>Syksyn p\u00e4rkeleh\u00e4n sie sielt\u00e4 tupsahti ja vuoden viimeiset keikat jotka hoideltiin perusnelikolla. Hyvinh\u00e4n ne sujui, tietenkin. Pro on pro vaikka Jallussa marinoisi. Ja marinoitiinkin.<\/p>\n<p>1.10. Loose, Hki<br \/>\n28.10. Katse, Jkl<br \/>\n29.10. Vikkula, Tre<\/p>\n<p><a href=\"http:\/\/www.kumikameli.com\/www\/wp-content\/uploads\/2016\/09\/DSC1217WEB.jpg\"  rel=\"lightbox[1764] attachment wp-att-1712\"><img loading=\"lazy\" decoding=\"async\" class=\"alignnone size-medium wp-image-1712\" src=\"http:\/\/www.kumikameli.com\/www\/wp-content\/uploads\/2016\/09\/DSC1217WEB-300x200.jpg\" alt=\"_DSC1217WEB\" width=\"300\" height=\"200\" srcset=\"http:\/\/www.kumikameli.com\/www\/wp-content\/uploads\/2016\/09\/DSC1217WEB-300x200.jpg 300w, http:\/\/www.kumikameli.com\/www\/wp-content\/uploads\/2016\/09\/DSC1217WEB-768x513.jpg 768w, http:\/\/www.kumikameli.com\/www\/wp-content\/uploads\/2016\/09\/DSC1217WEB.jpg 1024w, http:\/\/www.kumikameli.com\/www\/wp-content\/uploads\/2016\/09\/DSC1217WEB-940x628.jpg 940w, http:\/\/www.kumikameli.com\/www\/wp-content\/uploads\/2016\/09\/DSC1217WEB-440x294.jpg 440w, http:\/\/www.kumikameli.com\/www\/wp-content\/uploads\/2016\/09\/DSC1217WEB-120x80.jpg 120w\" sizes=\"auto, (max-width: 300px) 100vw, 300px\" \/><\/a><\/p>\n<p><strong>MARRASKUU &#8211; JOULUKUU<br \/>\n<\/strong>Yhtye vietti 30 -vuotissyntt\u00e4reit\u00e4\u00e4n 13.11.2016 ihan tyystin omissa oloissaan, kellek\u00e4\u00e4n kertomatta tahi sit\u00e4 sen kummemmin juhlistamatta. Paitsi ett\u00e4 Kerubin keikalla kuvattu vidis julkaistiin Kamelien youtube -kanavalla ja kovin hyv\u00e4h\u00e4n se on. Pro on pro! Mahottoman isot kiitoksen Malisen Mikolle, superukko olet!<br \/>\n<iframe loading=\"lazy\" src=\"https:\/\/www.youtube.com\/embed\/RcraHOxfmiQ\" width=\"560\" height=\"315\" frameborder=\"0\" allowfullscreen=\"allowfullscreen\"><\/iframe><\/p>\n<p>Nyt on sitten 12.12.2016 ja kaikki ainakin miun mielest\u00e4 kovin mahtavata. Yhtye on hemmetin kovassa iskussa ja ensi vuoden puolellekin on luvassa liuta keikkoja. Niist\u00e4 tarkemmin kohta..<\/p>\n<p>Uutta matskua on kierrossa ja settiin ker\u00e4t\u00e4\u00e4n koko ajan my\u00f6s wanhoja, v\u00e4hemm\u00e4n kulahtaneita ralleja, niit\u00e4h\u00e4n piisaa kun nuita levynperkeleit\u00e4 on keretty tekem\u00e4\u00e4n ihan liikaakin.<\/p>\n<p>Yks vuos v\u00e4hemm\u00e4n, jess!<\/p>\n<p><em>toppo<\/em><\/p>\n<p>&nbsp;<\/p>\n","protected":false},"excerpt":{"rendered":"<p>TAMMIKUU-HELMIKUU Vitumoisen kylm\u00e4\u00e4 ja pimeet\u00e4 oli, etenkin kellarissa ja vintill\u00e4, mutta KK-leiriss\u00e4 pidettiin kipin\u00e4\u00e4 yll\u00e4 muutamien keikkojen muodossa joita&hellip;<\/p>\n","protected":false},"author":1,"featured_media":0,"comment_status":"open","ping_status":"open","sticky":false,"template":"","format":"standard","meta":{"footnotes":""},"categories":[1,39],"tags":[],"class_list":["post-1764","post","type-post","status-publish","format-standard","hentry","category-oletus","category-historiikki"],"_links":{"self":[{"href":"http:\/\/www.kumikameli.com\/www\/index.php?rest_route=\/wp\/v2\/posts\/1764","targetHints":{"allow":["GET"]}}],"collection":[{"href":"http:\/\/www.kumikameli.com\/www\/index.php?rest_route=\/wp\/v2\/posts"}],"about":[{"href":"http:\/\/www.kumikameli.com\/www\/index.php?rest_route=\/wp\/v2\/types\/post"}],"author":[{"embeddable":true,"href":"http:\/\/www.kumikameli.com\/www\/index.php?rest_route=\/wp\/v2\/users\/1"}],"replies":[{"embeddable":true,"href":"http:\/\/www.kumikameli.com\/www\/index.php?rest_route=%2Fwp%2Fv2%2Fcomments&post=1764"}],"version-history":[{"count":5,"href":"http:\/\/www.kumikameli.com\/www\/index.php?rest_route=\/wp\/v2\/posts\/1764\/revisions"}],"predecessor-version":[{"id":1769,"href":"http:\/\/www.kumikameli.com\/www\/index.php?rest_route=\/wp\/v2\/posts\/1764\/revisions\/1769"}],"wp:attachment":[{"href":"http:\/\/www.kumikameli.com\/www\/index.php?rest_route=%2Fwp%2Fv2%2Fmedia&parent=1764"}],"wp:term":[{"taxonomy":"category","embeddable":true,"href":"http:\/\/www.kumikameli.com\/www\/index.php?rest_route=%2Fwp%2Fv2%2Fcategories&post=1764"},{"taxonomy":"post_tag","embeddable":true,"href":"http:\/\/www.kumikameli.com\/www\/index.php?rest_route=%2Fwp%2Fv2%2Ftags&post=1764"}],"curies":[{"name":"wp","href":"https:\/\/api.w.org\/{rel}","templated":true}]}}