{"id":1750,"date":"2016-10-31T13:24:20","date_gmt":"2016-10-31T13:24:20","guid":{"rendered":"http:\/\/www.kumikameli.com\/www\/?p=1750"},"modified":"2016-10-31T13:27:01","modified_gmt":"2016-10-31T13:27:01","slug":"syksy-2016-paketissa-melkein","status":"publish","type":"post","link":"http:\/\/www.kumikameli.com\/www\/?p=1750","title":{"rendered":"SYKSY 2016 PAKETISSA, MELKEIN&#8230;"},"content":{"rendered":"<p><a href=\"http:\/\/www.kumikameli.com\/www\/wp-content\/uploads\/2016\/10\/Kumikameli-cartoon-by-Venla-TKU-2016.jpg\"  rel=\"lightbox[1750] attachment wp-att-1751\"><img loading=\"lazy\" decoding=\"async\" class=\"alignnone size-medium wp-image-1751\" src=\"http:\/\/www.kumikameli.com\/www\/wp-content\/uploads\/2016\/10\/Kumikameli-cartoon-by-Venla-TKU-2016-300x205.jpg\" alt=\"Kumikameli-cartoon-by-Venla-TKU-2016\" width=\"300\" height=\"205\" srcset=\"http:\/\/www.kumikameli.com\/www\/wp-content\/uploads\/2016\/10\/Kumikameli-cartoon-by-Venla-TKU-2016-300x205.jpg 300w, http:\/\/www.kumikameli.com\/www\/wp-content\/uploads\/2016\/10\/Kumikameli-cartoon-by-Venla-TKU-2016-768x525.jpg 768w, http:\/\/www.kumikameli.com\/www\/wp-content\/uploads\/2016\/10\/Kumikameli-cartoon-by-Venla-TKU-2016.jpg 1024w, http:\/\/www.kumikameli.com\/www\/wp-content\/uploads\/2016\/10\/Kumikameli-cartoon-by-Venla-TKU-2016-940x643.jpg 940w\" sizes=\"auto, (max-width: 300px) 100vw, 300px\" \/><br \/>\n<\/a><strong>31.10.2016<\/strong><br \/>\nKiitoksia Jyv\u00e4skyl\u00e4 ja Tampesteri -piipp\u00f6leille \u00e4s\u00e4kist\u00e4 kinkereist\u00e4, nyt on hyvin kamala olo. Ansaitusti.<\/p>\n<p>Keikkoja ei t\u00e4n\u00e4 syksyn\u00e4 en\u00e4\u00e4 keret\u00e4 tekem\u00e4\u00e4n, mutta jotain speciaalia tahi sekundaa tarjoillaan 13.11.2016 syntt\u00e4rien kunniaksi. Shiihen asti&#8230;<\/p>\n<p>Synkk\u00e4\u00e4 syksy\u00e4 kyyl\u00e4t!<\/p>\n","protected":false},"excerpt":{"rendered":"<p>31.10.2016 Kiitoksia Jyv\u00e4skyl\u00e4 ja Tampesteri -piipp\u00f6leille \u00e4s\u00e4kist\u00e4 kinkereist\u00e4, nyt on hyvin kamala olo. Ansaitusti. Keikkoja ei t\u00e4n\u00e4 syksyn\u00e4 en\u00e4\u00e4&hellip;<\/p>\n","protected":false},"author":1,"featured_media":0,"comment_status":"open","ping_status":"open","sticky":false,"template":"","format":"standard","meta":{"footnotes":""},"categories":[1],"tags":[],"class_list":["post-1750","post","type-post","status-publish","format-standard","hentry","category-oletus"],"_links":{"self":[{"href":"http:\/\/www.kumikameli.com\/www\/index.php?rest_route=\/wp\/v2\/posts\/1750","targetHints":{"allow":["GET"]}}],"collection":[{"href":"http:\/\/www.kumikameli.com\/www\/index.php?rest_route=\/wp\/v2\/posts"}],"about":[{"href":"http:\/\/www.kumikameli.com\/www\/index.php?rest_route=\/wp\/v2\/types\/post"}],"author":[{"embeddable":true,"href":"http:\/\/www.kumikameli.com\/www\/index.php?rest_route=\/wp\/v2\/users\/1"}],"replies":[{"embeddable":true,"href":"http:\/\/www.kumikameli.com\/www\/index.php?rest_route=%2Fwp%2Fv2%2Fcomments&post=1750"}],"version-history":[{"count":3,"href":"http:\/\/www.kumikameli.com\/www\/index.php?rest_route=\/wp\/v2\/posts\/1750\/revisions"}],"predecessor-version":[{"id":1754,"href":"http:\/\/www.kumikameli.com\/www\/index.php?rest_route=\/wp\/v2\/posts\/1750\/revisions\/1754"}],"wp:attachment":[{"href":"http:\/\/www.kumikameli.com\/www\/index.php?rest_route=%2Fwp%2Fv2%2Fmedia&parent=1750"}],"wp:term":[{"taxonomy":"category","embeddable":true,"href":"http:\/\/www.kumikameli.com\/www\/index.php?rest_route=%2Fwp%2Fv2%2Fcategories&post=1750"},{"taxonomy":"post_tag","embeddable":true,"href":"http:\/\/www.kumikameli.com\/www\/index.php?rest_route=%2Fwp%2Fv2%2Ftags&post=1750"}],"curies":[{"name":"wp","href":"https:\/\/api.w.org\/{rel}","templated":true}]}}