{"id":1690,"date":"2016-07-17T10:04:44","date_gmt":"2016-07-17T10:04:44","guid":{"rendered":"http:\/\/www.kumikameli.com\/www\/?p=1690"},"modified":"2016-08-09T10:30:00","modified_gmt":"2016-08-09T10:30:00","slug":"ilosaarirock-tomina-15-7-2016-kylpahan-tomisikin","status":"publish","type":"post","link":"http:\/\/www.kumikameli.com\/www\/?p=1690","title":{"rendered":"ILOSAARIROCK &#8211; T\u00d6MIN\u00c4 15.7.2016, KYLP\u00c4H\u00c4N T\u00d6MISIKIN!"},"content":{"rendered":"<p><img loading=\"lazy\" decoding=\"async\" class=\"alignnone size-medium wp-image-1692\" src=\"http:\/\/www.kumikameli.com\/www\/wp-content\/uploads\/2016\/08\/Kamelit3-300x144.jpg\" alt=\"Kamelit3\" width=\"300\" height=\"144\" srcset=\"http:\/\/www.kumikameli.com\/www\/wp-content\/uploads\/2016\/08\/Kamelit3-300x144.jpg 300w, http:\/\/www.kumikameli.com\/www\/wp-content\/uploads\/2016\/08\/Kamelit3-768x370.jpg 768w, http:\/\/www.kumikameli.com\/www\/wp-content\/uploads\/2016\/08\/Kamelit3.jpg 1024w, http:\/\/www.kumikameli.com\/www\/wp-content\/uploads\/2016\/08\/Kamelit3-940x453.jpg 940w\" sizes=\"auto, (max-width: 300px) 100vw, 300px\" \/><\/p>\n<p>Ilosaaren T\u00f6min\u00e4ss\u00e4 vet\u00e4istiin sitten yksi kes\u00e4n 2016 kovimmista vedoista. Juhlavetoa varten saatiin houkuteltua Olli-Matti toiseen kitaraan ja aamup\u00e4iv\u00e4ll\u00e4 k\u00e4ytiin jopa treenaamassakin napakka 40 minsan veto jossa ei turhia r\u00f6nsyj\u00e4 lepattanut.<\/p>\n<p><img loading=\"lazy\" decoding=\"async\" class=\"alignnone size-medium wp-image-1691\" src=\"http:\/\/www.kumikameli.com\/www\/wp-content\/uploads\/2016\/08\/Kamelit4-300x148.jpg\" alt=\"Kamelit4\" width=\"300\" height=\"148\" srcset=\"http:\/\/www.kumikameli.com\/www\/wp-content\/uploads\/2016\/08\/Kamelit4-300x148.jpg 300w, http:\/\/www.kumikameli.com\/www\/wp-content\/uploads\/2016\/08\/Kamelit4-768x380.jpg 768w, http:\/\/www.kumikameli.com\/www\/wp-content\/uploads\/2016\/08\/Kamelit4.jpg 1024w, http:\/\/www.kumikameli.com\/www\/wp-content\/uploads\/2016\/08\/Kamelit4-940x464.jpg 940w\" sizes=\"auto, (max-width: 300px) 100vw, 300px\" \/><\/p>\n<p>Vedon alkamisajankohta oli 22:34 ja 22:25 alkoi helevetillinen kaatosade joka h\u00e4tisti KAIKKI T\u00f6min\u00e4n vieraat ja tututkin teltan l\u00e4mp\u00f6\u00f6n ja suojaan eli saatiin mekastaa ns. t\u00e4ydelle salille.<\/p>\n<p><img loading=\"lazy\" decoding=\"async\" class=\"alignnone size-medium wp-image-1694\" src=\"http:\/\/www.kumikameli.com\/www\/wp-content\/uploads\/2016\/08\/Kamelit1-300x213.jpg\" alt=\"Kamelit1\" width=\"300\" height=\"213\" srcset=\"http:\/\/www.kumikameli.com\/www\/wp-content\/uploads\/2016\/08\/Kamelit1-300x213.jpg 300w, http:\/\/www.kumikameli.com\/www\/wp-content\/uploads\/2016\/08\/Kamelit1.jpg 480w\" sizes=\"auto, (max-width: 300px) 100vw, 300px\" \/> <img loading=\"lazy\" decoding=\"async\" class=\"alignnone size-medium wp-image-1693\" src=\"http:\/\/www.kumikameli.com\/www\/wp-content\/uploads\/2016\/08\/Kamelit2-300x209.jpg\" alt=\"Kamelit2\" width=\"300\" height=\"209\" srcset=\"http:\/\/www.kumikameli.com\/www\/wp-content\/uploads\/2016\/08\/Kamelit2-300x209.jpg 300w, http:\/\/www.kumikameli.com\/www\/wp-content\/uploads\/2016\/08\/Kamelit2-768x535.jpg 768w, http:\/\/www.kumikameli.com\/www\/wp-content\/uploads\/2016\/08\/Kamelit2.jpg 1024w, http:\/\/www.kumikameli.com\/www\/wp-content\/uploads\/2016\/08\/Kamelit2-940x655.jpg 940w\" sizes=\"auto, (max-width: 300px) 100vw, 300px\" \/><br \/>\n<em>Kuvat Timo Isoaho<\/em><\/p>\n<p>Soitto sujui suorastaan saatanallisen hyvin ja miekin muistin suurimman osan sanoista, ainakin kertsit. Lakis\u00e4\u00e4teiset 40 minsaa hurahti melkeinp\u00e4 liiankin sukkelasti, mutta ei makiata mahan t\u00e4ydelt\u00e4 eli karkasimme kiiruusti takahuoneeseen \u00f6h, virkist\u00e4ytym\u00e4\u00e4n \ud83d\ude42<\/p>\n<p>Kiitos niille jotka sen ansaitsee!<\/p>\n<p>-topo-<\/p>\n<p><strong>HUOM &amp; OBS!<\/strong><br \/>\n<strong>&#8211;\u00a0<a href=\"https:\/\/www.periscope.tv\/mustaviini\/1ynKOzQWWBqxR\">Mustaj\u00e4rven Sirpa oli paikalla vaklailemassa ja T\u00c4\u00c4LT\u00c4P\u00c4S l\u00f6ytyy linkki lavalta kuvattuun Periscope -streamiin<\/a>!!!<br \/>\n<\/strong><br \/>\n<iframe loading=\"lazy\" src=\"https:\/\/www.youtube.com\/embed\/JXvqnWk6Qig\" width=\"560\" height=\"315\" frameborder=\"0\" allowfullscreen=\"allowfullscreen\"><\/iframe><\/p>\n<p>&nbsp;<\/p>\n","protected":false},"excerpt":{"rendered":"<p>Ilosaaren T\u00f6min\u00e4ss\u00e4 vet\u00e4istiin sitten yksi kes\u00e4n 2016 kovimmista vedoista. Juhlavetoa varten saatiin houkuteltua Olli-Matti toiseen kitaraan ja aamup\u00e4iv\u00e4ll\u00e4 k\u00e4ytiin&hellip;<\/p>\n","protected":false},"author":1,"featured_media":0,"comment_status":"open","ping_status":"open","sticky":false,"template":"","format":"standard","meta":{"footnotes":""},"categories":[1],"tags":[],"class_list":["post-1690","post","type-post","status-publish","format-standard","hentry","category-oletus"],"_links":{"self":[{"href":"http:\/\/www.kumikameli.com\/www\/index.php?rest_route=\/wp\/v2\/posts\/1690","targetHints":{"allow":["GET"]}}],"collection":[{"href":"http:\/\/www.kumikameli.com\/www\/index.php?rest_route=\/wp\/v2\/posts"}],"about":[{"href":"http:\/\/www.kumikameli.com\/www\/index.php?rest_route=\/wp\/v2\/types\/post"}],"author":[{"embeddable":true,"href":"http:\/\/www.kumikameli.com\/www\/index.php?rest_route=\/wp\/v2\/users\/1"}],"replies":[{"embeddable":true,"href":"http:\/\/www.kumikameli.com\/www\/index.php?rest_route=%2Fwp%2Fv2%2Fcomments&post=1690"}],"version-history":[{"count":4,"href":"http:\/\/www.kumikameli.com\/www\/index.php?rest_route=\/wp\/v2\/posts\/1690\/revisions"}],"predecessor-version":[{"id":1698,"href":"http:\/\/www.kumikameli.com\/www\/index.php?rest_route=\/wp\/v2\/posts\/1690\/revisions\/1698"}],"wp:attachment":[{"href":"http:\/\/www.kumikameli.com\/www\/index.php?rest_route=%2Fwp%2Fv2%2Fmedia&parent=1690"}],"wp:term":[{"taxonomy":"category","embeddable":true,"href":"http:\/\/www.kumikameli.com\/www\/index.php?rest_route=%2Fwp%2Fv2%2Fcategories&post=1690"},{"taxonomy":"post_tag","embeddable":true,"href":"http:\/\/www.kumikameli.com\/www\/index.php?rest_route=%2Fwp%2Fv2%2Ftags&post=1690"}],"curies":[{"name":"wp","href":"https:\/\/api.w.org\/{rel}","templated":true}]}}