{"id":1544,"date":"2015-06-23T10:36:27","date_gmt":"2015-06-23T10:36:27","guid":{"rendered":"http:\/\/www.kumikameli.com\/www\/?p=1544"},"modified":"2015-06-29T10:02:49","modified_gmt":"2015-06-29T10:02:49","slug":"boan-arkki-on-lastattu","status":"publish","type":"post","link":"http:\/\/www.kumikameli.com\/www\/?p=1544","title":{"rendered":"Boan arkki on lastattu&#8230;"},"content":{"rendered":"<p><a href=\"http:\/\/www.kumikameli.com\/www\/wp-content\/uploads\/2015\/06\/Boan_arkki_600px.jpg\" rel=\"lightbox[1544]\"><img loading=\"lazy\" decoding=\"async\" class=\"alignnone size-medium wp-image-1545\" src=\"http:\/\/www.kumikameli.com\/www\/wp-content\/uploads\/2015\/06\/Boan_arkki_600px-300x300.jpg\" alt=\"Boan_arkki_600px\" width=\"300\" height=\"300\" srcset=\"http:\/\/www.kumikameli.com\/www\/wp-content\/uploads\/2015\/06\/Boan_arkki_600px-300x300.jpg 300w, http:\/\/www.kumikameli.com\/www\/wp-content\/uploads\/2015\/06\/Boan_arkki_600px-150x150.jpg 150w, http:\/\/www.kumikameli.com\/www\/wp-content\/uploads\/2015\/06\/Boan_arkki_600px.jpg 600w\" sizes=\"auto, (max-width: 300px) 100vw, 300px\" \/><\/a><\/p>\n<p><strong>23.6.2015<\/strong><br \/>\nNyth\u00e4n tilanne on se, ett\u00e4 k\u00e4ytiinp\u00e4s tekem\u00e4ss\u00e4 yks parhaista Kamelip\u00f6k\u00e4leist\u00e4 pitkiin aikoihin. Ainakaan pariin kuukauteen ei ole tehty n\u00e4in timanttista matskuva kuin 10.7.2015 julkaistava <strong>Boan arkki<\/strong> on. Siit\u00e4 piti tulla Lieron tie, muttei tullut. Tuli Boan arkki. Ehk\u00e4 niin on hyv\u00e4.<\/p>\n<p><strong>Boan arkkiin<\/strong> lastattiin tuleville sukupolville talteen seuraavat kappaleet:<\/p>\n<p>1. En nuku en\u00e4\u00e4 ikin\u00e4<br \/>\n2. Vialliset<br \/>\n3. Lieron tie<br \/>\n4. Joutomaalla<\/p>\n<p>T\u00e4m\u00e4 10.7.2015 julkaistava digi EP on meid\u00e4n k\u00e4rmestrilogian viimeinen niitti ja seuraavaksi p\u00e4\u00e4st\u00e4\u00e4kin sitten suunnittelemaan jotain aivan muuta.<\/p>\n<p>T\u00e4t\u00e4 muuta ennen k\u00e4ymme kuitenkin vet\u00e4isem\u00e4ss\u00e4 <span style=\"text-decoration: underline;\">ensimm\u00e4isen akustisen keikamme n. 10 vuoteen<\/span> ja se tapahtuu Joensuun Teatteriravintolassa, <a href=\"http:\/\/popkatu.fi\/ohjelma\/\">POPKATU-KLUBILLA 16.7.2015 klo. 23:30<\/a>. Tulkaa vdu kaikki sinne tai my\u00f6 kaikki tullaan teille. Sitten ei ole en\u00e4\u00e4 kenell\u00e4k\u00e4\u00e4n kivaa.<\/p>\n","protected":false},"excerpt":{"rendered":"<p>23.6.2015 Nyth\u00e4n tilanne on se, ett\u00e4 k\u00e4ytiinp\u00e4s tekem\u00e4ss\u00e4 yks parhaista Kamelip\u00f6k\u00e4leist\u00e4 pitkiin aikoihin. Ainakaan pariin kuukauteen ei ole tehty&hellip;<\/p>\n","protected":false},"author":1,"featured_media":0,"comment_status":"open","ping_status":"open","sticky":false,"template":"","format":"standard","meta":{"footnotes":""},"categories":[1],"tags":[],"class_list":["post-1544","post","type-post","status-publish","format-standard","hentry","category-oletus"],"_links":{"self":[{"href":"http:\/\/www.kumikameli.com\/www\/index.php?rest_route=\/wp\/v2\/posts\/1544","targetHints":{"allow":["GET"]}}],"collection":[{"href":"http:\/\/www.kumikameli.com\/www\/index.php?rest_route=\/wp\/v2\/posts"}],"about":[{"href":"http:\/\/www.kumikameli.com\/www\/index.php?rest_route=\/wp\/v2\/types\/post"}],"author":[{"embeddable":true,"href":"http:\/\/www.kumikameli.com\/www\/index.php?rest_route=\/wp\/v2\/users\/1"}],"replies":[{"embeddable":true,"href":"http:\/\/www.kumikameli.com\/www\/index.php?rest_route=%2Fwp%2Fv2%2Fcomments&post=1544"}],"version-history":[{"count":2,"href":"http:\/\/www.kumikameli.com\/www\/index.php?rest_route=\/wp\/v2\/posts\/1544\/revisions"}],"predecessor-version":[{"id":1548,"href":"http:\/\/www.kumikameli.com\/www\/index.php?rest_route=\/wp\/v2\/posts\/1544\/revisions\/1548"}],"wp:attachment":[{"href":"http:\/\/www.kumikameli.com\/www\/index.php?rest_route=%2Fwp%2Fv2%2Fmedia&parent=1544"}],"wp:term":[{"taxonomy":"category","embeddable":true,"href":"http:\/\/www.kumikameli.com\/www\/index.php?rest_route=%2Fwp%2Fv2%2Fcategories&post=1544"},{"taxonomy":"post_tag","embeddable":true,"href":"http:\/\/www.kumikameli.com\/www\/index.php?rest_route=%2Fwp%2Fv2%2Ftags&post=1544"}],"curies":[{"name":"wp","href":"https:\/\/api.w.org\/{rel}","templated":true}]}}